{"id":241,"date":"2014-01-15T18:40:58","date_gmt":"2014-01-15T17:40:58","guid":{"rendered":"http:\/\/www.riflesso.org\/wp\/?p=241"},"modified":"2014-01-15T18:42:00","modified_gmt":"2014-01-15T17:42:00","slug":"aggiornamento-date","status":"publish","type":"post","link":"http:\/\/www.riflesso.org\/wp\/aggiornamento-date\/","title":{"rendered":"Aggiornamento date"},"content":{"rendered":"<p><strong>Attenzione:<\/strong> \u00e8 stata annullata la data Timod\u00e0 del 25\/01\/2014 al Campus Music Industry di Parma. Al suo posto suoneremo come Riflesso ai Trenti di Pove del Grappa (VI).<\/p>\n<p>Ciao!<\/p>\n","protected":false},"excerpt":{"rendered":"<p>Attenzione: \u00e8 stata annullata la data Timod\u00e0 del 25\/01\/2014 al Campus Music Industry di Parma. Al suo posto suoneremo come Riflesso ai Trenti di Pove del Grappa (VI). Ciao!<\/p>\n","protected":false},"author":1,"featured_media":0,"comment_status":"open","ping_status":"open","sticky":false,"template":"","format":"standard","meta":[],"categories":[3],"tags":[],"yoast_head":"<!-- This site is optimized with the Yoast SEO plugin v19.14 - https:\/\/yoast.com\/wordpress\/plugins\/seo\/ -->\n<title>Aggiornamento date - Riflesso Band \/ Timod\u00e0 - Tributo ai Mod\u00e0 \/ ItaliA90 Tributo italiano anni 90<\/title>\n<meta name=\"description\" content=\"Riflesso Cover Band Sito ufficiale sito web official site website web site Festa Party Live Musica dal vivo Gruppi Musicali Rock Coverband Date concerti serate portale forum chat foto demo download mp3 downloads news notizie gruppo musicale coverbands repertorio scheda tecnica guestbook messaggio messaggi contatto contatti banner informazioni damiano pizzoli stefano casini filippo grandini matteo toso gildo turolla giorgio pellegrini mirco ciro sereni riflessi timod\u00e0 tributo ai mod\u00e0 tributo mod\u00e0\" \/>\n<meta name=\"robots\" content=\"index, follow, max-snippet:-1, max-image-preview:large, max-video-preview:-1\" \/>\n<link rel=\"canonical\" href=\"http:\/\/www.riflesso.org\/wp\/aggiornamento-date\/\" \/>\n<meta property=\"og:locale\" content=\"it_IT\" \/>\n<meta property=\"og:type\" content=\"article\" \/>\n<meta property=\"og:title\" content=\"Aggiornamento date - Riflesso Band \/ Timod\u00e0 - Tributo ai Mod\u00e0 \/ ItaliA90 Tributo italiano anni 90\" \/>\n<meta property=\"og:description\" content=\"Riflesso Cover Band Sito ufficiale sito web official site website web site Festa Party Live Musica dal vivo Gruppi Musicali Rock Coverband Date concerti serate portale forum chat foto demo download mp3 downloads news notizie gruppo musicale coverbands repertorio scheda tecnica guestbook messaggio messaggi contatto contatti banner informazioni damiano pizzoli stefano casini filippo grandini matteo toso gildo turolla giorgio pellegrini mirco ciro sereni riflessi timod\u00e0 tributo ai mod\u00e0 tributo mod\u00e0\" \/>\n<meta property=\"og:url\" content=\"http:\/\/www.riflesso.org\/wp\/aggiornamento-date\/\" \/>\n<meta property=\"og:site_name\" content=\"Riflesso Band \/ Timod\u00e0 - Tributo ai Mod\u00e0 \/ ItaliA90 Tributo italiano anni 90\" \/>\n<meta property=\"article:published_time\" content=\"2014-01-15T17:40:58+00:00\" \/>\n<meta property=\"article:modified_time\" content=\"2014-01-15T17:42:00+00:00\" \/>\n<meta name=\"author\" content=\"riflesso\" \/>\n<meta name=\"twitter:label1\" content=\"Scritto da\" \/>\n\t<meta name=\"twitter:data1\" content=\"riflesso\" \/>\n<script type=\"application\/ld+json\" class=\"yoast-schema-graph\">{\"@context\":\"https:\/\/schema.org\",\"@graph\":[{\"@type\":\"Article\",\"@id\":\"http:\/\/www.riflesso.org\/wp\/aggiornamento-date\/#article\",\"isPartOf\":{\"@id\":\"http:\/\/www.riflesso.org\/wp\/aggiornamento-date\/\"},\"author\":{\"name\":\"riflesso\",\"@id\":\"http:\/\/www.riflesso.org\/wp\/#\/schema\/person\/8f726bc33a16c1049cbfa6097f51e561\"},\"headline\":\"Aggiornamento date\",\"datePublished\":\"2014-01-15T17:40:58+00:00\",\"dateModified\":\"2014-01-15T17:42:00+00:00\",\"mainEntityOfPage\":{\"@id\":\"http:\/\/www.riflesso.org\/wp\/aggiornamento-date\/\"},\"wordCount\":29,\"commentCount\":0,\"publisher\":{\"@id\":\"http:\/\/www.riflesso.org\/wp\/#organization\"},\"articleSection\":[\"News\"],\"inLanguage\":\"it-IT\",\"potentialAction\":[{\"@type\":\"CommentAction\",\"name\":\"Comment\",\"target\":[\"http:\/\/www.riflesso.org\/wp\/aggiornamento-date\/#respond\"]}]},{\"@type\":\"WebPage\",\"@id\":\"http:\/\/www.riflesso.org\/wp\/aggiornamento-date\/\",\"url\":\"http:\/\/www.riflesso.org\/wp\/aggiornamento-date\/\",\"name\":\"Aggiornamento date - Riflesso Band \/ Timod\u00e0 - Tributo ai Mod\u00e0 \/ ItaliA90 Tributo italiano anni 90\",\"isPartOf\":{\"@id\":\"http:\/\/www.riflesso.org\/wp\/#website\"},\"datePublished\":\"2014-01-15T17:40:58+00:00\",\"dateModified\":\"2014-01-15T17:42:00+00:00\",\"description\":\"Riflesso Cover Band Sito ufficiale sito web official site website web site Festa Party Live Musica dal vivo Gruppi Musicali Rock Coverband Date concerti serate portale forum chat foto demo download mp3 downloads news notizie gruppo musicale coverbands repertorio scheda tecnica guestbook messaggio messaggi contatto contatti banner informazioni damiano pizzoli stefano casini filippo grandini matteo toso gildo turolla giorgio pellegrini mirco ciro sereni riflessi timod\u00e0 tributo ai mod\u00e0 tributo mod\u00e0\",\"breadcrumb\":{\"@id\":\"http:\/\/www.riflesso.org\/wp\/aggiornamento-date\/#breadcrumb\"},\"inLanguage\":\"it-IT\",\"potentialAction\":[{\"@type\":\"ReadAction\",\"target\":[\"http:\/\/www.riflesso.org\/wp\/aggiornamento-date\/\"]}]},{\"@type\":\"BreadcrumbList\",\"@id\":\"http:\/\/www.riflesso.org\/wp\/aggiornamento-date\/#breadcrumb\",\"itemListElement\":[{\"@type\":\"ListItem\",\"position\":1,\"name\":\"Home\",\"item\":\"http:\/\/www.riflesso.org\/wp\/\"},{\"@type\":\"ListItem\",\"position\":2,\"name\":\"Aggiornamento date\"}]},{\"@type\":\"WebSite\",\"@id\":\"http:\/\/www.riflesso.org\/wp\/#website\",\"url\":\"http:\/\/www.riflesso.org\/wp\/\",\"name\":\"Riflesso Band \/ Timod\u00e0 - Tributo ai Mod\u00e0 \/ ItaliA90 Tributo italiano anni 90\",\"description\":\"\",\"publisher\":{\"@id\":\"http:\/\/www.riflesso.org\/wp\/#organization\"},\"potentialAction\":[{\"@type\":\"SearchAction\",\"target\":{\"@type\":\"EntryPoint\",\"urlTemplate\":\"http:\/\/www.riflesso.org\/wp\/?s={search_term_string}\"},\"query-input\":\"required name=search_term_string\"}],\"inLanguage\":\"it-IT\"},{\"@type\":\"Organization\",\"@id\":\"http:\/\/www.riflesso.org\/wp\/#organization\",\"name\":\"Riflesso Band \/ Timod\u00e0 - Tributo ai Mod\u00e0 \/ ItaliA90 Tributo italiano anni 90\",\"url\":\"http:\/\/www.riflesso.org\/wp\/\",\"logo\":{\"@type\":\"ImageObject\",\"inLanguage\":\"it-IT\",\"@id\":\"http:\/\/www.riflesso.org\/wp\/#\/schema\/logo\/image\/\",\"url\":\"http:\/\/www.riflesso.org\/wp\/wp-content\/uploads\/2022\/06\/cropped-riflesso_txt.png\",\"contentUrl\":\"http:\/\/www.riflesso.org\/wp\/wp-content\/uploads\/2022\/06\/cropped-riflesso_txt.png\",\"width\":500,\"height\":72,\"caption\":\"Riflesso Band \/ Timod\u00e0 - Tributo ai Mod\u00e0 \/ ItaliA90 Tributo italiano anni 90\"},\"image\":{\"@id\":\"http:\/\/www.riflesso.org\/wp\/#\/schema\/logo\/image\/\"}},{\"@type\":\"Person\",\"@id\":\"http:\/\/www.riflesso.org\/wp\/#\/schema\/person\/8f726bc33a16c1049cbfa6097f51e561\",\"name\":\"riflesso\",\"image\":{\"@type\":\"ImageObject\",\"inLanguage\":\"it-IT\",\"@id\":\"http:\/\/www.riflesso.org\/wp\/#\/schema\/person\/image\/\",\"url\":\"http:\/\/1.gravatar.com\/avatar\/48c2732c6dea8d53f81d09df173fa0fa?s=96&d=mm&r=g\",\"contentUrl\":\"http:\/\/1.gravatar.com\/avatar\/48c2732c6dea8d53f81d09df173fa0fa?s=96&d=mm&r=g\",\"caption\":\"riflesso\"},\"url\":\"http:\/\/www.riflesso.org\/wp\/author\/riflesso\/\"}]}<\/script>\n<!-- \/ Yoast SEO plugin. -->","yoast_head_json":{"title":"Aggiornamento date - Riflesso Band \/ Timod\u00e0 - Tributo ai Mod\u00e0 \/ ItaliA90 Tributo italiano anni 90","description":"Riflesso Cover Band Sito ufficiale sito web official site website web site Festa Party Live Musica dal vivo Gruppi Musicali Rock Coverband Date concerti serate portale forum chat foto demo download mp3 downloads news notizie gruppo musicale coverbands repertorio scheda tecnica guestbook messaggio messaggi contatto contatti banner informazioni damiano pizzoli stefano casini filippo grandini matteo toso gildo turolla giorgio pellegrini mirco ciro sereni riflessi timod\u00e0 tributo ai mod\u00e0 tributo mod\u00e0","robots":{"index":"index","follow":"follow","max-snippet":"max-snippet:-1","max-image-preview":"max-image-preview:large","max-video-preview":"max-video-preview:-1"},"canonical":"http:\/\/www.riflesso.org\/wp\/aggiornamento-date\/","og_locale":"it_IT","og_type":"article","og_title":"Aggiornamento date - Riflesso Band \/ Timod\u00e0 - Tributo ai Mod\u00e0 \/ ItaliA90 Tributo italiano anni 90","og_description":"Riflesso Cover Band Sito ufficiale sito web official site website web site Festa Party Live Musica dal vivo Gruppi Musicali Rock Coverband Date concerti serate portale forum chat foto demo download mp3 downloads news notizie gruppo musicale coverbands repertorio scheda tecnica guestbook messaggio messaggi contatto contatti banner informazioni damiano pizzoli stefano casini filippo grandini matteo toso gildo turolla giorgio pellegrini mirco ciro sereni riflessi timod\u00e0 tributo ai mod\u00e0 tributo mod\u00e0","og_url":"http:\/\/www.riflesso.org\/wp\/aggiornamento-date\/","og_site_name":"Riflesso Band \/ Timod\u00e0 - Tributo ai Mod\u00e0 \/ ItaliA90 Tributo italiano anni 90","article_published_time":"2014-01-15T17:40:58+00:00","article_modified_time":"2014-01-15T17:42:00+00:00","author":"riflesso","twitter_misc":{"Scritto da":"riflesso"},"schema":{"@context":"https:\/\/schema.org","@graph":[{"@type":"Article","@id":"http:\/\/www.riflesso.org\/wp\/aggiornamento-date\/#article","isPartOf":{"@id":"http:\/\/www.riflesso.org\/wp\/aggiornamento-date\/"},"author":{"name":"riflesso","@id":"http:\/\/www.riflesso.org\/wp\/#\/schema\/person\/8f726bc33a16c1049cbfa6097f51e561"},"headline":"Aggiornamento date","datePublished":"2014-01-15T17:40:58+00:00","dateModified":"2014-01-15T17:42:00+00:00","mainEntityOfPage":{"@id":"http:\/\/www.riflesso.org\/wp\/aggiornamento-date\/"},"wordCount":29,"commentCount":0,"publisher":{"@id":"http:\/\/www.riflesso.org\/wp\/#organization"},"articleSection":["News"],"inLanguage":"it-IT","potentialAction":[{"@type":"CommentAction","name":"Comment","target":["http:\/\/www.riflesso.org\/wp\/aggiornamento-date\/#respond"]}]},{"@type":"WebPage","@id":"http:\/\/www.riflesso.org\/wp\/aggiornamento-date\/","url":"http:\/\/www.riflesso.org\/wp\/aggiornamento-date\/","name":"Aggiornamento date - Riflesso Band \/ Timod\u00e0 - Tributo ai Mod\u00e0 \/ ItaliA90 Tributo italiano anni 90","isPartOf":{"@id":"http:\/\/www.riflesso.org\/wp\/#website"},"datePublished":"2014-01-15T17:40:58+00:00","dateModified":"2014-01-15T17:42:00+00:00","description":"Riflesso Cover Band Sito ufficiale sito web official site website web site Festa Party Live Musica dal vivo Gruppi Musicali Rock Coverband Date concerti serate portale forum chat foto demo download mp3 downloads news notizie gruppo musicale coverbands repertorio scheda tecnica guestbook messaggio messaggi contatto contatti banner informazioni damiano pizzoli stefano casini filippo grandini matteo toso gildo turolla giorgio pellegrini mirco ciro sereni riflessi timod\u00e0 tributo ai mod\u00e0 tributo mod\u00e0","breadcrumb":{"@id":"http:\/\/www.riflesso.org\/wp\/aggiornamento-date\/#breadcrumb"},"inLanguage":"it-IT","potentialAction":[{"@type":"ReadAction","target":["http:\/\/www.riflesso.org\/wp\/aggiornamento-date\/"]}]},{"@type":"BreadcrumbList","@id":"http:\/\/www.riflesso.org\/wp\/aggiornamento-date\/#breadcrumb","itemListElement":[{"@type":"ListItem","position":1,"name":"Home","item":"http:\/\/www.riflesso.org\/wp\/"},{"@type":"ListItem","position":2,"name":"Aggiornamento date"}]},{"@type":"WebSite","@id":"http:\/\/www.riflesso.org\/wp\/#website","url":"http:\/\/www.riflesso.org\/wp\/","name":"Riflesso Band \/ Timod\u00e0 - Tributo ai Mod\u00e0 \/ ItaliA90 Tributo italiano anni 90","description":"","publisher":{"@id":"http:\/\/www.riflesso.org\/wp\/#organization"},"potentialAction":[{"@type":"SearchAction","target":{"@type":"EntryPoint","urlTemplate":"http:\/\/www.riflesso.org\/wp\/?s={search_term_string}"},"query-input":"required name=search_term_string"}],"inLanguage":"it-IT"},{"@type":"Organization","@id":"http:\/\/www.riflesso.org\/wp\/#organization","name":"Riflesso Band \/ Timod\u00e0 - Tributo ai Mod\u00e0 \/ ItaliA90 Tributo italiano anni 90","url":"http:\/\/www.riflesso.org\/wp\/","logo":{"@type":"ImageObject","inLanguage":"it-IT","@id":"http:\/\/www.riflesso.org\/wp\/#\/schema\/logo\/image\/","url":"http:\/\/www.riflesso.org\/wp\/wp-content\/uploads\/2022\/06\/cropped-riflesso_txt.png","contentUrl":"http:\/\/www.riflesso.org\/wp\/wp-content\/uploads\/2022\/06\/cropped-riflesso_txt.png","width":500,"height":72,"caption":"Riflesso Band \/ Timod\u00e0 - Tributo ai Mod\u00e0 \/ ItaliA90 Tributo italiano anni 90"},"image":{"@id":"http:\/\/www.riflesso.org\/wp\/#\/schema\/logo\/image\/"}},{"@type":"Person","@id":"http:\/\/www.riflesso.org\/wp\/#\/schema\/person\/8f726bc33a16c1049cbfa6097f51e561","name":"riflesso","image":{"@type":"ImageObject","inLanguage":"it-IT","@id":"http:\/\/www.riflesso.org\/wp\/#\/schema\/person\/image\/","url":"http:\/\/1.gravatar.com\/avatar\/48c2732c6dea8d53f81d09df173fa0fa?s=96&d=mm&r=g","contentUrl":"http:\/\/1.gravatar.com\/avatar\/48c2732c6dea8d53f81d09df173fa0fa?s=96&d=mm&r=g","caption":"riflesso"},"url":"http:\/\/www.riflesso.org\/wp\/author\/riflesso\/"}]}},"_links":{"self":[{"href":"http:\/\/www.riflesso.org\/wp\/wp-json\/wp\/v2\/posts\/241"}],"collection":[{"href":"http:\/\/www.riflesso.org\/wp\/wp-json\/wp\/v2\/posts"}],"about":[{"href":"http:\/\/www.riflesso.org\/wp\/wp-json\/wp\/v2\/types\/post"}],"author":[{"embeddable":true,"href":"http:\/\/www.riflesso.org\/wp\/wp-json\/wp\/v2\/users\/1"}],"replies":[{"embeddable":true,"href":"http:\/\/www.riflesso.org\/wp\/wp-json\/wp\/v2\/comments?post=241"}],"version-history":[{"count":2,"href":"http:\/\/www.riflesso.org\/wp\/wp-json\/wp\/v2\/posts\/241\/revisions"}],"predecessor-version":[{"id":243,"href":"http:\/\/www.riflesso.org\/wp\/wp-json\/wp\/v2\/posts\/241\/revisions\/243"}],"wp:attachment":[{"href":"http:\/\/www.riflesso.org\/wp\/wp-json\/wp\/v2\/media?parent=241"}],"wp:term":[{"taxonomy":"category","embeddable":true,"href":"http:\/\/www.riflesso.org\/wp\/wp-json\/wp\/v2\/categories?post=241"},{"taxonomy":"post_tag","embeddable":true,"href":"http:\/\/www.riflesso.org\/wp\/wp-json\/wp\/v2\/tags?post=241"}],"curies":[{"name":"wp","href":"https:\/\/api.w.org\/{rel}","templated":true}]}}