{"id":301,"date":"2014-04-02T19:06:34","date_gmt":"2014-04-02T17:06:34","guid":{"rendered":"http:\/\/www.riflesso.org\/wp\/?p=301"},"modified":"2014-04-02T19:06:34","modified_gmt":"2014-04-02T17:06:34","slug":"live-aprile-2014","status":"publish","type":"post","link":"http:\/\/www.riflesso.org\/wp\/live-aprile-2014\/","title":{"rendered":"Live &#8211; Aprile 2014"},"content":{"rendered":"<p>Sono online le date di aprile 2014, clicca <a href=\"http:\/\/www.riflesso.org\/wp\/?page_id=42\">qui<\/a> per visualizzarle!<\/p>\n","protected":false},"excerpt":{"rendered":"<p>Sono online le date di aprile 2014, clicca qui per visualizzarle!<\/p>\n","protected":false},"author":1,"featured_media":0,"comment_status":"open","ping_status":"open","sticky":false,"template":"","format":"standard","meta":[],"categories":[3],"tags":[],"yoast_head":"<!-- This site is optimized with the Yoast SEO plugin v19.14 - https:\/\/yoast.com\/wordpress\/plugins\/seo\/ -->\n<title>Live - Aprile 2014 - Riflesso Band \/ Timod\u00e0 - Tributo ai Mod\u00e0 \/ ItaliA90 Tributo italiano anni 90<\/title>\n<meta name=\"description\" content=\"Riflesso Cover Band Sito ufficiale sito web official site website web site Festa Party Live Musica dal vivo Gruppi Musicali Rock Coverband Date concerti serate portale forum chat foto demo download mp3 downloads news notizie gruppo musicale coverbands repertorio scheda tecnica guestbook messaggio messaggi contatto contatti banner informazioni damiano pizzoli stefano casini filippo grandini matteo toso gildo turolla giorgio pellegrini mirco ciro sereni riflessi timod\u00e0 tributo ai mod\u00e0 tributo mod\u00e0\" \/>\n<meta name=\"robots\" content=\"index, follow, max-snippet:-1, max-image-preview:large, max-video-preview:-1\" \/>\n<link rel=\"canonical\" href=\"http:\/\/www.riflesso.org\/wp\/live-aprile-2014\/\" \/>\n<meta property=\"og:locale\" content=\"it_IT\" \/>\n<meta property=\"og:type\" content=\"article\" \/>\n<meta property=\"og:title\" content=\"Live - Aprile 2014 - Riflesso Band \/ Timod\u00e0 - Tributo ai Mod\u00e0 \/ ItaliA90 Tributo italiano anni 90\" \/>\n<meta property=\"og:description\" content=\"Riflesso Cover Band Sito ufficiale sito web official site website web site Festa Party Live Musica dal vivo Gruppi Musicali Rock Coverband Date concerti serate portale forum chat foto demo download mp3 downloads news notizie gruppo musicale coverbands repertorio scheda tecnica guestbook messaggio messaggi contatto contatti banner informazioni damiano pizzoli stefano casini filippo grandini matteo toso gildo turolla giorgio pellegrini mirco ciro sereni riflessi timod\u00e0 tributo ai mod\u00e0 tributo mod\u00e0\" \/>\n<meta property=\"og:url\" content=\"http:\/\/www.riflesso.org\/wp\/live-aprile-2014\/\" \/>\n<meta property=\"og:site_name\" content=\"Riflesso Band \/ Timod\u00e0 - Tributo ai Mod\u00e0 \/ ItaliA90 Tributo italiano anni 90\" \/>\n<meta property=\"article:published_time\" content=\"2014-04-02T17:06:34+00:00\" \/>\n<meta name=\"author\" content=\"riflesso\" \/>\n<meta name=\"twitter:label1\" content=\"Scritto da\" \/>\n\t<meta name=\"twitter:data1\" content=\"riflesso\" \/>\n<script type=\"application\/ld+json\" class=\"yoast-schema-graph\">{\"@context\":\"https:\/\/schema.org\",\"@graph\":[{\"@type\":\"Article\",\"@id\":\"http:\/\/www.riflesso.org\/wp\/live-aprile-2014\/#article\",\"isPartOf\":{\"@id\":\"http:\/\/www.riflesso.org\/wp\/live-aprile-2014\/\"},\"author\":{\"name\":\"riflesso\",\"@id\":\"http:\/\/www.riflesso.org\/wp\/#\/schema\/person\/8f726bc33a16c1049cbfa6097f51e561\"},\"headline\":\"Live &#8211; Aprile 2014\",\"datePublished\":\"2014-04-02T17:06:34+00:00\",\"dateModified\":\"2014-04-02T17:06:34+00:00\",\"mainEntityOfPage\":{\"@id\":\"http:\/\/www.riflesso.org\/wp\/live-aprile-2014\/\"},\"wordCount\":13,\"commentCount\":0,\"publisher\":{\"@id\":\"http:\/\/www.riflesso.org\/wp\/#organization\"},\"articleSection\":[\"News\"],\"inLanguage\":\"it-IT\",\"potentialAction\":[{\"@type\":\"CommentAction\",\"name\":\"Comment\",\"target\":[\"http:\/\/www.riflesso.org\/wp\/live-aprile-2014\/#respond\"]}]},{\"@type\":\"WebPage\",\"@id\":\"http:\/\/www.riflesso.org\/wp\/live-aprile-2014\/\",\"url\":\"http:\/\/www.riflesso.org\/wp\/live-aprile-2014\/\",\"name\":\"Live - Aprile 2014 - Riflesso Band \/ Timod\u00e0 - Tributo ai Mod\u00e0 \/ ItaliA90 Tributo italiano anni 90\",\"isPartOf\":{\"@id\":\"http:\/\/www.riflesso.org\/wp\/#website\"},\"datePublished\":\"2014-04-02T17:06:34+00:00\",\"dateModified\":\"2014-04-02T17:06:34+00:00\",\"description\":\"Riflesso Cover Band Sito ufficiale sito web official site website web site Festa Party Live Musica dal vivo Gruppi Musicali Rock Coverband Date concerti serate portale forum chat foto demo download mp3 downloads news notizie gruppo musicale coverbands repertorio scheda tecnica guestbook messaggio messaggi contatto contatti banner informazioni damiano pizzoli stefano casini filippo grandini matteo toso gildo turolla giorgio pellegrini mirco ciro sereni riflessi timod\u00e0 tributo ai mod\u00e0 tributo mod\u00e0\",\"breadcrumb\":{\"@id\":\"http:\/\/www.riflesso.org\/wp\/live-aprile-2014\/#breadcrumb\"},\"inLanguage\":\"it-IT\",\"potentialAction\":[{\"@type\":\"ReadAction\",\"target\":[\"http:\/\/www.riflesso.org\/wp\/live-aprile-2014\/\"]}]},{\"@type\":\"BreadcrumbList\",\"@id\":\"http:\/\/www.riflesso.org\/wp\/live-aprile-2014\/#breadcrumb\",\"itemListElement\":[{\"@type\":\"ListItem\",\"position\":1,\"name\":\"Home\",\"item\":\"http:\/\/www.riflesso.org\/wp\/\"},{\"@type\":\"ListItem\",\"position\":2,\"name\":\"Live &#8211; Aprile 2014\"}]},{\"@type\":\"WebSite\",\"@id\":\"http:\/\/www.riflesso.org\/wp\/#website\",\"url\":\"http:\/\/www.riflesso.org\/wp\/\",\"name\":\"Riflesso Band \/ Timod\u00e0 - Tributo ai Mod\u00e0 \/ ItaliA90 Tributo italiano anni 90\",\"description\":\"\",\"publisher\":{\"@id\":\"http:\/\/www.riflesso.org\/wp\/#organization\"},\"potentialAction\":[{\"@type\":\"SearchAction\",\"target\":{\"@type\":\"EntryPoint\",\"urlTemplate\":\"http:\/\/www.riflesso.org\/wp\/?s={search_term_string}\"},\"query-input\":\"required name=search_term_string\"}],\"inLanguage\":\"it-IT\"},{\"@type\":\"Organization\",\"@id\":\"http:\/\/www.riflesso.org\/wp\/#organization\",\"name\":\"Riflesso Band \/ Timod\u00e0 - Tributo ai Mod\u00e0 \/ ItaliA90 Tributo italiano anni 90\",\"url\":\"http:\/\/www.riflesso.org\/wp\/\",\"logo\":{\"@type\":\"ImageObject\",\"inLanguage\":\"it-IT\",\"@id\":\"http:\/\/www.riflesso.org\/wp\/#\/schema\/logo\/image\/\",\"url\":\"http:\/\/www.riflesso.org\/wp\/wp-content\/uploads\/2022\/06\/cropped-riflesso_txt.png\",\"contentUrl\":\"http:\/\/www.riflesso.org\/wp\/wp-content\/uploads\/2022\/06\/cropped-riflesso_txt.png\",\"width\":500,\"height\":72,\"caption\":\"Riflesso Band \/ Timod\u00e0 - Tributo ai Mod\u00e0 \/ ItaliA90 Tributo italiano anni 90\"},\"image\":{\"@id\":\"http:\/\/www.riflesso.org\/wp\/#\/schema\/logo\/image\/\"}},{\"@type\":\"Person\",\"@id\":\"http:\/\/www.riflesso.org\/wp\/#\/schema\/person\/8f726bc33a16c1049cbfa6097f51e561\",\"name\":\"riflesso\",\"image\":{\"@type\":\"ImageObject\",\"inLanguage\":\"it-IT\",\"@id\":\"http:\/\/www.riflesso.org\/wp\/#\/schema\/person\/image\/\",\"url\":\"http:\/\/1.gravatar.com\/avatar\/48c2732c6dea8d53f81d09df173fa0fa?s=96&d=mm&r=g\",\"contentUrl\":\"http:\/\/1.gravatar.com\/avatar\/48c2732c6dea8d53f81d09df173fa0fa?s=96&d=mm&r=g\",\"caption\":\"riflesso\"},\"url\":\"http:\/\/www.riflesso.org\/wp\/author\/riflesso\/\"}]}<\/script>\n<!-- \/ Yoast SEO plugin. -->","yoast_head_json":{"title":"Live - Aprile 2014 - Riflesso Band \/ Timod\u00e0 - Tributo ai Mod\u00e0 \/ ItaliA90 Tributo italiano anni 90","description":"Riflesso Cover Band Sito ufficiale sito web official site website web site Festa Party Live Musica dal vivo Gruppi Musicali Rock Coverband Date concerti serate portale forum chat foto demo download mp3 downloads news notizie gruppo musicale coverbands repertorio scheda tecnica guestbook messaggio messaggi contatto contatti banner informazioni damiano pizzoli stefano casini filippo grandini matteo toso gildo turolla giorgio pellegrini mirco ciro sereni riflessi timod\u00e0 tributo ai mod\u00e0 tributo mod\u00e0","robots":{"index":"index","follow":"follow","max-snippet":"max-snippet:-1","max-image-preview":"max-image-preview:large","max-video-preview":"max-video-preview:-1"},"canonical":"http:\/\/www.riflesso.org\/wp\/live-aprile-2014\/","og_locale":"it_IT","og_type":"article","og_title":"Live - Aprile 2014 - Riflesso Band \/ Timod\u00e0 - Tributo ai Mod\u00e0 \/ ItaliA90 Tributo italiano anni 90","og_description":"Riflesso Cover Band Sito ufficiale sito web official site website web site Festa Party Live Musica dal vivo Gruppi Musicali Rock Coverband Date concerti serate portale forum chat foto demo download mp3 downloads news notizie gruppo musicale coverbands repertorio scheda tecnica guestbook messaggio messaggi contatto contatti banner informazioni damiano pizzoli stefano casini filippo grandini matteo toso gildo turolla giorgio pellegrini mirco ciro sereni riflessi timod\u00e0 tributo ai mod\u00e0 tributo mod\u00e0","og_url":"http:\/\/www.riflesso.org\/wp\/live-aprile-2014\/","og_site_name":"Riflesso Band \/ Timod\u00e0 - Tributo ai Mod\u00e0 \/ ItaliA90 Tributo italiano anni 90","article_published_time":"2014-04-02T17:06:34+00:00","author":"riflesso","twitter_misc":{"Scritto da":"riflesso"},"schema":{"@context":"https:\/\/schema.org","@graph":[{"@type":"Article","@id":"http:\/\/www.riflesso.org\/wp\/live-aprile-2014\/#article","isPartOf":{"@id":"http:\/\/www.riflesso.org\/wp\/live-aprile-2014\/"},"author":{"name":"riflesso","@id":"http:\/\/www.riflesso.org\/wp\/#\/schema\/person\/8f726bc33a16c1049cbfa6097f51e561"},"headline":"Live &#8211; Aprile 2014","datePublished":"2014-04-02T17:06:34+00:00","dateModified":"2014-04-02T17:06:34+00:00","mainEntityOfPage":{"@id":"http:\/\/www.riflesso.org\/wp\/live-aprile-2014\/"},"wordCount":13,"commentCount":0,"publisher":{"@id":"http:\/\/www.riflesso.org\/wp\/#organization"},"articleSection":["News"],"inLanguage":"it-IT","potentialAction":[{"@type":"CommentAction","name":"Comment","target":["http:\/\/www.riflesso.org\/wp\/live-aprile-2014\/#respond"]}]},{"@type":"WebPage","@id":"http:\/\/www.riflesso.org\/wp\/live-aprile-2014\/","url":"http:\/\/www.riflesso.org\/wp\/live-aprile-2014\/","name":"Live - Aprile 2014 - Riflesso Band \/ Timod\u00e0 - Tributo ai Mod\u00e0 \/ ItaliA90 Tributo italiano anni 90","isPartOf":{"@id":"http:\/\/www.riflesso.org\/wp\/#website"},"datePublished":"2014-04-02T17:06:34+00:00","dateModified":"2014-04-02T17:06:34+00:00","description":"Riflesso Cover Band Sito ufficiale sito web official site website web site Festa Party Live Musica dal vivo Gruppi Musicali Rock Coverband Date concerti serate portale forum chat foto demo download mp3 downloads news notizie gruppo musicale coverbands repertorio scheda tecnica guestbook messaggio messaggi contatto contatti banner informazioni damiano pizzoli stefano casini filippo grandini matteo toso gildo turolla giorgio pellegrini mirco ciro sereni riflessi timod\u00e0 tributo ai mod\u00e0 tributo mod\u00e0","breadcrumb":{"@id":"http:\/\/www.riflesso.org\/wp\/live-aprile-2014\/#breadcrumb"},"inLanguage":"it-IT","potentialAction":[{"@type":"ReadAction","target":["http:\/\/www.riflesso.org\/wp\/live-aprile-2014\/"]}]},{"@type":"BreadcrumbList","@id":"http:\/\/www.riflesso.org\/wp\/live-aprile-2014\/#breadcrumb","itemListElement":[{"@type":"ListItem","position":1,"name":"Home","item":"http:\/\/www.riflesso.org\/wp\/"},{"@type":"ListItem","position":2,"name":"Live &#8211; Aprile 2014"}]},{"@type":"WebSite","@id":"http:\/\/www.riflesso.org\/wp\/#website","url":"http:\/\/www.riflesso.org\/wp\/","name":"Riflesso Band \/ Timod\u00e0 - Tributo ai Mod\u00e0 \/ ItaliA90 Tributo italiano anni 90","description":"","publisher":{"@id":"http:\/\/www.riflesso.org\/wp\/#organization"},"potentialAction":[{"@type":"SearchAction","target":{"@type":"EntryPoint","urlTemplate":"http:\/\/www.riflesso.org\/wp\/?s={search_term_string}"},"query-input":"required name=search_term_string"}],"inLanguage":"it-IT"},{"@type":"Organization","@id":"http:\/\/www.riflesso.org\/wp\/#organization","name":"Riflesso Band \/ Timod\u00e0 - Tributo ai Mod\u00e0 \/ ItaliA90 Tributo italiano anni 90","url":"http:\/\/www.riflesso.org\/wp\/","logo":{"@type":"ImageObject","inLanguage":"it-IT","@id":"http:\/\/www.riflesso.org\/wp\/#\/schema\/logo\/image\/","url":"http:\/\/www.riflesso.org\/wp\/wp-content\/uploads\/2022\/06\/cropped-riflesso_txt.png","contentUrl":"http:\/\/www.riflesso.org\/wp\/wp-content\/uploads\/2022\/06\/cropped-riflesso_txt.png","width":500,"height":72,"caption":"Riflesso Band \/ Timod\u00e0 - Tributo ai Mod\u00e0 \/ ItaliA90 Tributo italiano anni 90"},"image":{"@id":"http:\/\/www.riflesso.org\/wp\/#\/schema\/logo\/image\/"}},{"@type":"Person","@id":"http:\/\/www.riflesso.org\/wp\/#\/schema\/person\/8f726bc33a16c1049cbfa6097f51e561","name":"riflesso","image":{"@type":"ImageObject","inLanguage":"it-IT","@id":"http:\/\/www.riflesso.org\/wp\/#\/schema\/person\/image\/","url":"http:\/\/1.gravatar.com\/avatar\/48c2732c6dea8d53f81d09df173fa0fa?s=96&d=mm&r=g","contentUrl":"http:\/\/1.gravatar.com\/avatar\/48c2732c6dea8d53f81d09df173fa0fa?s=96&d=mm&r=g","caption":"riflesso"},"url":"http:\/\/www.riflesso.org\/wp\/author\/riflesso\/"}]}},"_links":{"self":[{"href":"http:\/\/www.riflesso.org\/wp\/wp-json\/wp\/v2\/posts\/301"}],"collection":[{"href":"http:\/\/www.riflesso.org\/wp\/wp-json\/wp\/v2\/posts"}],"about":[{"href":"http:\/\/www.riflesso.org\/wp\/wp-json\/wp\/v2\/types\/post"}],"author":[{"embeddable":true,"href":"http:\/\/www.riflesso.org\/wp\/wp-json\/wp\/v2\/users\/1"}],"replies":[{"embeddable":true,"href":"http:\/\/www.riflesso.org\/wp\/wp-json\/wp\/v2\/comments?post=301"}],"version-history":[{"count":1,"href":"http:\/\/www.riflesso.org\/wp\/wp-json\/wp\/v2\/posts\/301\/revisions"}],"predecessor-version":[{"id":302,"href":"http:\/\/www.riflesso.org\/wp\/wp-json\/wp\/v2\/posts\/301\/revisions\/302"}],"wp:attachment":[{"href":"http:\/\/www.riflesso.org\/wp\/wp-json\/wp\/v2\/media?parent=301"}],"wp:term":[{"taxonomy":"category","embeddable":true,"href":"http:\/\/www.riflesso.org\/wp\/wp-json\/wp\/v2\/categories?post=301"},{"taxonomy":"post_tag","embeddable":true,"href":"http:\/\/www.riflesso.org\/wp\/wp-json\/wp\/v2\/tags?post=301"}],"curies":[{"name":"wp","href":"https:\/\/api.w.org\/{rel}","templated":true}]}}